{"id":1216,"date":"2014-06-16T11:43:05","date_gmt":"2014-06-16T09:43:05","guid":{"rendered":"http:\/\/vasterortskyrkan.wordpress.com\/?p=1216"},"modified":"2014-06-16T11:43:05","modified_gmt":"2014-06-16T09:43:05","slug":"atta-ekumeniska-gudstjanster-i-sommar","status":"publish","type":"post","link":"https:\/\/vasterortskyrkan.se\/index.php\/2014\/06\/16\/atta-ekumeniska-gudstjanster-i-sommar\/","title":{"rendered":"\u00c5tta ekumeniska gudstj\u00e4nster i sommar&#8230;"},"content":{"rendered":"<p>6 s\u00f6n 11.00 EKUMENISK GUDSTJ\u00c4NST i S:t Tomas<\/strong> 3 e trefaldighet<br \/>Svante Zettergren, Niklas Olaisson, Mats Stenlund<\/p>\n<p><strong>13 s\u00f6n 11.00 EKUMENISK GUDSTJ\u00c4NST i V\u00e4sterortskyrkan<\/strong> 4 e trefaldighet<br \/>Ingegerd H\u00e4ller, Eva Bergstr\u00f6m, Anton H\u00f6gberg<\/p>\n<p><strong>20 s\u00f6n 11.00 EKUMENISK GUDSTJ\u00c4NST i S:t Tomas<\/strong> Apostladagen<br \/>Per-Magnus Selinder, Niklas Olaisson, Florian Benfer<\/p>\n<p><strong>27 s\u00f6n 11.00 EKUMENISK GUDSTJ\u00c4NST i V\u00e4sterortskyrkan<\/strong> 6 e trefaldighet<br \/>Ingegerd H\u00e4ller, Eva Bergstr\u00f6m, Else-Marie Jonsson<\/p>\n<p><strong>3 s\u00f6n 11.00 EKUMENISK GUDSTJ\u00c4NST i S:t Tomas<\/strong> Kristi f\u00f6rklarings dag<br \/>Eva Bergstr\u00f6m, Ingemar \u00c5sj\u00f6. Gerd Nielsen<\/p>\n<p><strong>10 s\u00f6n 11.00 EKUMENISK GUDSTJ\u00c4NST i V\u00e4sterortskyrkan<\/strong> 8 e trefaldighet<br \/>Ingemar \u00c5sj\u00f6, Eva Bergstr\u00f6m, Anton H\u00f6gberg<\/p>\n<p>&#8230;och dessutom <strong>Morgonb\u00f6n i V\u00e4sterort<\/strong> varje tisdag 10.00\u00a0<\/p>\n<p><em>&#8221;Vi ber morgonb\u00f6n i V\u00e4sterort, genom n\u00e5ls\u00f6gat \u00f6ppnas hela livets port<\/em><\/p>\n<p><em>H\u00e4r och nu, mitt i allt, tar Livet och Gud gestalt&#8221;<\/em><\/p>\n","protected":false},"excerpt":{"rendered":"<p>6 s\u00f6n 11.00 EKUMENISK GUDSTJ\u00c4NST i S:t Tomas 3 e trefaldighetSvante Zettergren, Niklas Olaisson, Mats Stenlund 13 s\u00f6n 11.00 EKUMENISK GUDSTJ\u00c4NST i V\u00e4sterortskyrkan 4 e trefaldighetIngegerd H\u00e4ller, Eva Bergstr\u00f6m, Anton H\u00f6gberg 20 s\u00f6n 11.00 EKUMENISK GUDSTJ\u00c4NST i S:t Tomas ApostladagenPer-Magnus Selinder, Niklas Olaisson, Florian Benfer 27 s\u00f6n 11.00 EKUMENISK GUDSTJ\u00c4NST i V\u00e4sterortskyrkan 6 e trefaldighetIngegerd &hellip; <a href=\"https:\/\/vasterortskyrkan.se\/index.php\/2014\/06\/16\/atta-ekumeniska-gudstjanster-i-sommar\/\" class=\"more-link\">Forts\u00e4tt l\u00e4sa<span class=\"screen-reader-text\"> \u201d\u00c5tta ekumeniska gudstj\u00e4nster i sommar&#8230;\u201d<\/span><\/a><\/p>\n","protected":false},"author":1,"featured_media":0,"comment_status":"closed","ping_status":"closed","sticky":false,"template":"","format":"standard","meta":{"jetpack_post_was_ever_published":false,"_jetpack_newsletter_access":"","_jetpack_dont_email_post_to_subs":false,"_jetpack_newsletter_tier_id":0,"_jetpack_memberships_contains_paywalled_content":false,"_jetpack_memberships_contains_paid_content":false,"footnotes":"","jetpack_publicize_message":"","jetpack_publicize_feature_enabled":true,"jetpack_social_post_already_shared":false,"jetpack_social_options":{"image_generator_settings":{"template":"highway","default_image_id":0,"font":"","enabled":false},"version":2}},"categories":[2],"tags":[],"class_list":["post-1216","post","type-post","status-publish","format-standard","hentry","category-vasterortskyrkan"],"jetpack_publicize_connections":[],"jetpack_featured_media_url":"","jetpack_sharing_enabled":true,"_links":{"self":[{"href":"https:\/\/vasterortskyrkan.se\/index.php\/wp-json\/wp\/v2\/posts\/1216","targetHints":{"allow":["GET"]}}],"collection":[{"href":"https:\/\/vasterortskyrkan.se\/index.php\/wp-json\/wp\/v2\/posts"}],"about":[{"href":"https:\/\/vasterortskyrkan.se\/index.php\/wp-json\/wp\/v2\/types\/post"}],"author":[{"embeddable":true,"href":"https:\/\/vasterortskyrkan.se\/index.php\/wp-json\/wp\/v2\/users\/1"}],"replies":[{"embeddable":true,"href":"https:\/\/vasterortskyrkan.se\/index.php\/wp-json\/wp\/v2\/comments?post=1216"}],"version-history":[{"count":0,"href":"https:\/\/vasterortskyrkan.se\/index.php\/wp-json\/wp\/v2\/posts\/1216\/revisions"}],"wp:attachment":[{"href":"https:\/\/vasterortskyrkan.se\/index.php\/wp-json\/wp\/v2\/media?parent=1216"}],"wp:term":[{"taxonomy":"category","embeddable":true,"href":"https:\/\/vasterortskyrkan.se\/index.php\/wp-json\/wp\/v2\/categories?post=1216"},{"taxonomy":"post_tag","embeddable":true,"href":"https:\/\/vasterortskyrkan.se\/index.php\/wp-json\/wp\/v2\/tags?post=1216"}],"curies":[{"name":"wp","href":"https:\/\/api.w.org\/{rel}","templated":true}]}}