{"id":1274,"date":"2014-09-21T15:33:18","date_gmt":"2014-09-21T13:33:18","guid":{"rendered":"http:\/\/vasterortskyrkan.wordpress.com\/?p=1274"},"modified":"2014-09-21T15:33:18","modified_gmt":"2014-09-21T13:33:18","slug":"vad-hander-22-28-september-i-vasterortskyrkan","status":"publish","type":"post","link":"https:\/\/vasterortskyrkan.se\/index.php\/2014\/09\/21\/vad-hander-22-28-september-i-vasterortskyrkan\/","title":{"rendered":"Vad h\u00e4nder 22-28 september i V\u00e4sterortskyrkan?"},"content":{"rendered":"<p>Jo f\u00f6ljande&#8230;<\/p>\n<p>M\u00e5ndag 12.00 <strong>Mitt p\u00e5 Dagen<\/strong> med bes\u00f6k av <strong>Ingemar Eliasson<\/strong><\/p>\n<p>\u00c4mne: <em>&#8221;Jag vet var jag kommer ifr\u00e5n\u201d<\/em><\/p>\n<p><em>Ingemar Eliasson, som <\/em>varit bl a <a href=\"http:\/\/sv.wikipedia.org\/wiki\/Arbetsmarknadsminister\">arbetsmarknadsminister<\/a>, l<a href=\"http:\/\/sv.wikipedia.org\/wiki\/Landsh%C3%B6vding\">andsh\u00f6vding<\/a> i V\u00e4rmland och <a href=\"http:\/\/sv.wikipedia.org\/wiki\/Riksmarskalk\">riksmarskalk<\/a> ger oss glimtar fr\u00e5n sitt liv och sin memoarbok.<\/p>\n<p>Tisdag 10.00 \u00e4r det i vanlig ordning <strong>Morgonb\u00f6n i V\u00e4sterort<\/strong><\/p>\n<p>S\u00f6ndag 11.00 <strong>GUDSTJ\u00c4NST med Nattvard<\/strong> 15:e s\u00f6ndagen efter trefaldighet<\/p>\n<p><em>Svante Zettergren<\/em> predikar, <em>Inge Alm\u00e9n<\/em> (fr\u00e5n Uppsala Missionsf\u00f6rsamling) spelar orgel och <em>Gunnar Axelson Fisk<\/em> (ocks\u00e5 fr\u00e5n Uppsala Missionsf\u00f6rsamling samt medlem i s\u00e5nggruppen Viba Femba) sjunger solo.<\/p>\n<p>V\u00e4lkomna p\u00e5 dessa samlingar&#8230; och s\u00e5 en liten p\u00e5minnelse inf\u00f6r den 5 okt d\u00e5 vi firar M\u00e4ssa i F\u00f6rorten igen.\u00a0<a href=\"https:\/\/vasterortskyrkan.se\/wp-content\/uploads\/2014\/09\/mc3a4ssa-i-fc3b6rort-5okt.pdf\">m\u00e4ssa i f\u00f6rort 5okt<\/a><\/p>\n","protected":false},"excerpt":{"rendered":"<p>Jo f\u00f6ljande&#8230; M\u00e5ndag 12.00 Mitt p\u00e5 Dagen med bes\u00f6k av Ingemar Eliasson \u00c4mne: &#8221;Jag vet var jag kommer ifr\u00e5n\u201d Ingemar Eliasson, som varit bl a arbetsmarknadsminister, landsh\u00f6vding i V\u00e4rmland och riksmarskalk ger oss glimtar fr\u00e5n sitt liv och sin memoarbok. Tisdag 10.00 \u00e4r det i vanlig ordning Morgonb\u00f6n i V\u00e4sterort S\u00f6ndag 11.00 GUDSTJ\u00c4NST med Nattvard &hellip; <a href=\"https:\/\/vasterortskyrkan.se\/index.php\/2014\/09\/21\/vad-hander-22-28-september-i-vasterortskyrkan\/\" class=\"more-link\">Forts\u00e4tt l\u00e4sa<span class=\"screen-reader-text\"> \u201dVad h\u00e4nder 22-28 september i V\u00e4sterortskyrkan?\u201d<\/span><\/a><\/p>\n","protected":false},"author":1,"featured_media":0,"comment_status":"closed","ping_status":"closed","sticky":false,"template":"","format":"standard","meta":{"jetpack_post_was_ever_published":false,"_jetpack_newsletter_access":"","_jetpack_dont_email_post_to_subs":false,"_jetpack_newsletter_tier_id":0,"_jetpack_memberships_contains_paywalled_content":false,"_jetpack_memberships_contains_paid_content":false,"footnotes":"","jetpack_publicize_message":"","jetpack_publicize_feature_enabled":true,"jetpack_social_post_already_shared":false,"jetpack_social_options":{"image_generator_settings":{"template":"highway","default_image_id":0,"font":"","enabled":false},"version":2}},"categories":[2],"tags":[],"class_list":["post-1274","post","type-post","status-publish","format-standard","hentry","category-vasterortskyrkan"],"jetpack_publicize_connections":[],"jetpack_featured_media_url":"","jetpack_sharing_enabled":true,"_links":{"self":[{"href":"https:\/\/vasterortskyrkan.se\/index.php\/wp-json\/wp\/v2\/posts\/1274","targetHints":{"allow":["GET"]}}],"collection":[{"href":"https:\/\/vasterortskyrkan.se\/index.php\/wp-json\/wp\/v2\/posts"}],"about":[{"href":"https:\/\/vasterortskyrkan.se\/index.php\/wp-json\/wp\/v2\/types\/post"}],"author":[{"embeddable":true,"href":"https:\/\/vasterortskyrkan.se\/index.php\/wp-json\/wp\/v2\/users\/1"}],"replies":[{"embeddable":true,"href":"https:\/\/vasterortskyrkan.se\/index.php\/wp-json\/wp\/v2\/comments?post=1274"}],"version-history":[{"count":0,"href":"https:\/\/vasterortskyrkan.se\/index.php\/wp-json\/wp\/v2\/posts\/1274\/revisions"}],"wp:attachment":[{"href":"https:\/\/vasterortskyrkan.se\/index.php\/wp-json\/wp\/v2\/media?parent=1274"}],"wp:term":[{"taxonomy":"category","embeddable":true,"href":"https:\/\/vasterortskyrkan.se\/index.php\/wp-json\/wp\/v2\/categories?post=1274"},{"taxonomy":"post_tag","embeddable":true,"href":"https:\/\/vasterortskyrkan.se\/index.php\/wp-json\/wp\/v2\/tags?post=1274"}],"curies":[{"name":"wp","href":"https:\/\/api.w.org\/{rel}","templated":true}]}}