{"id":1282,"date":"2014-10-06T19:31:55","date_gmt":"2014-10-06T17:31:55","guid":{"rendered":"http:\/\/vasterortskyrkan.wordpress.com\/?p=1282"},"modified":"2014-10-06T19:31:55","modified_gmt":"2014-10-06T17:31:55","slug":"vad-sommaren-gav","status":"publish","type":"post","link":"https:\/\/vasterortskyrkan.se\/index.php\/2014\/10\/06\/vad-sommaren-gav\/","title":{"rendered":"Vad sommaren gav!"},"content":{"rendered":"<p>S\u00f6ndagen den 12 oktober firar vi <strong>Tacks\u00e4gelsedagen<\/strong>.<\/p>\n<p>I V\u00e4sterortskyrkan inneb\u00e4r det f\u00f6rutom <strong>gudstj\u00e4nst klockan 11.00<\/strong> att vi f\u00e5r m\u00f6jlighet att ta del av och k\u00f6pa sylt, saft, bakverk och mer som gjorts av det sommaren gett. V\u00e4lkomna med!<\/p>\n<p>I gudstj\u00e4nsten predikar \u00c5ke Jonsson, Ann-Charlotte Dahlberg leder gudstj\u00e4nsten, kyrkok\u00f6ren sjunger under Christina Green Sandviks ledning.<\/p>\n","protected":false},"excerpt":{"rendered":"<p>S\u00f6ndagen den 12 oktober firar vi Tacks\u00e4gelsedagen. I V\u00e4sterortskyrkan inneb\u00e4r det f\u00f6rutom gudstj\u00e4nst klockan 11.00 att vi f\u00e5r m\u00f6jlighet att ta del av och k\u00f6pa sylt, saft, bakverk och mer som gjorts av det sommaren gett. V\u00e4lkomna med! I gudstj\u00e4nsten predikar \u00c5ke Jonsson, Ann-Charlotte Dahlberg leder gudstj\u00e4nsten, kyrkok\u00f6ren sjunger under Christina Green Sandviks ledning.<\/p>\n","protected":false},"author":1,"featured_media":0,"comment_status":"closed","ping_status":"closed","sticky":false,"template":"","format":"standard","meta":{"jetpack_post_was_ever_published":false,"_jetpack_newsletter_access":"","_jetpack_dont_email_post_to_subs":false,"_jetpack_newsletter_tier_id":0,"_jetpack_memberships_contains_paywalled_content":false,"_jetpack_memberships_contains_paid_content":false,"footnotes":"","jetpack_publicize_message":"","jetpack_publicize_feature_enabled":true,"jetpack_social_post_already_shared":false,"jetpack_social_options":{"image_generator_settings":{"template":"highway","default_image_id":0,"font":"","enabled":false},"version":2}},"categories":[2],"tags":[],"class_list":["post-1282","post","type-post","status-publish","format-standard","hentry","category-vasterortskyrkan"],"jetpack_publicize_connections":[],"jetpack_featured_media_url":"","jetpack_sharing_enabled":true,"_links":{"self":[{"href":"https:\/\/vasterortskyrkan.se\/index.php\/wp-json\/wp\/v2\/posts\/1282","targetHints":{"allow":["GET"]}}],"collection":[{"href":"https:\/\/vasterortskyrkan.se\/index.php\/wp-json\/wp\/v2\/posts"}],"about":[{"href":"https:\/\/vasterortskyrkan.se\/index.php\/wp-json\/wp\/v2\/types\/post"}],"author":[{"embeddable":true,"href":"https:\/\/vasterortskyrkan.se\/index.php\/wp-json\/wp\/v2\/users\/1"}],"replies":[{"embeddable":true,"href":"https:\/\/vasterortskyrkan.se\/index.php\/wp-json\/wp\/v2\/comments?post=1282"}],"version-history":[{"count":0,"href":"https:\/\/vasterortskyrkan.se\/index.php\/wp-json\/wp\/v2\/posts\/1282\/revisions"}],"wp:attachment":[{"href":"https:\/\/vasterortskyrkan.se\/index.php\/wp-json\/wp\/v2\/media?parent=1282"}],"wp:term":[{"taxonomy":"category","embeddable":true,"href":"https:\/\/vasterortskyrkan.se\/index.php\/wp-json\/wp\/v2\/categories?post=1282"},{"taxonomy":"post_tag","embeddable":true,"href":"https:\/\/vasterortskyrkan.se\/index.php\/wp-json\/wp\/v2\/tags?post=1282"}],"curies":[{"name":"wp","href":"https:\/\/api.w.org\/{rel}","templated":true}]}}