{"id":1310,"date":"2014-11-03T20:30:27","date_gmt":"2014-11-03T18:30:27","guid":{"rendered":"http:\/\/vasterortskyrkan.wordpress.com\/?p=1310"},"modified":"2014-11-03T20:30:27","modified_gmt":"2014-11-03T18:30:27","slug":"vecka-45-och-vecka-46-i-vasterortskyrkan","status":"publish","type":"post","link":"https:\/\/vasterortskyrkan.se\/index.php\/2014\/11\/03\/vecka-45-och-vecka-46-i-vasterortskyrkan\/","title":{"rendered":"Vecka 45 och vecka 46 i V\u00e4sterortskyrkan"},"content":{"rendered":"<p>Tisdag 4 nov 10.00 <strong>Morgonb\u00f6n i V\u00e4sterort<\/strong><\/p>\n<p>S\u00f6ndag 9 nov 11.00 <strong>GUDSTJ\u00c4NST<\/strong>. Predikan Niklas Olaisson, Ledning Karin Danielsson, S\u00e5ng H\u00e5kan karlsson, Musik Fredrik Hermansson<\/p>\n<p>Tisdag 11 nov 10.00 <strong>Morgonb\u00f6n i V\u00e4sterort<\/strong><\/p>\n<p>Onsdag 12 nov 17.30-20.00 <strong>Stickcaf\u00e9<\/strong><\/p>\n<p>L\u00f6rdag-S\u00f6ndag 15-16 nov <strong>KULTURHELG<\/strong><br \/>\nL\u00f6rdag 14.00-18.00<br \/>\nF\u00f6rel\u00e4sning med Per Wirt\u00e9n + samtal + fika + film + samtal<br \/>\nS\u00f6ndag 18.00 <strong>Rummet<\/strong>. Samtal med Per Wirt\u00e9n flygelspel med Mikael Skoglund, ljust\u00e4ndning<\/p>\n<p><a href=\"https:\/\/vasterortskyrkan.se\/wp-content\/uploads\/2014\/11\/kulturhelg-15-16-nov.pdf\">kulturhelg 15 16 nov<\/a><\/p>\n<p><a href=\"https:\/\/vasterortskyrkan.se\/wp-content\/uploads\/2014\/11\/per-1.jpg\"><img loading=\"lazy\" decoding=\"async\" src=\"https:\/\/vasterortskyrkan.se\/wp-content\/uploads\/2014\/11\/per-1.jpg?w=208\" alt=\"Per Wirt\u00e9n\" width=\"208\" height=\"300\" class=\"alignnone size-medium wp-image-1312\" srcset=\"https:\/\/vasterortskyrkan.se\/wp-content\/uploads\/2014\/11\/per-1.jpg 1114w, https:\/\/vasterortskyrkan.se\/wp-content\/uploads\/2014\/11\/per-1-208x300.jpg 208w, https:\/\/vasterortskyrkan.se\/wp-content\/uploads\/2014\/11\/per-1-712x1024.jpg 712w, https:\/\/vasterortskyrkan.se\/wp-content\/uploads\/2014\/11\/per-1-768x1105.jpg 768w, https:\/\/vasterortskyrkan.se\/wp-content\/uploads\/2014\/11\/per-1-1067x1536.jpg 1067w\" sizes=\"auto, (max-width: 208px) 85vw, 208px\" \/><\/a> <a href=\"https:\/\/vasterortskyrkan.se\/wp-content\/uploads\/2014\/11\/img_0780.jpg\"><img loading=\"lazy\" decoding=\"async\" src=\"https:\/\/vasterortskyrkan.se\/wp-content\/uploads\/2014\/11\/img_0780.jpg?w=225\" alt=\"Rummet\" width=\"225\" height=\"300\" class=\"alignnone size-medium wp-image-1315\" \/><\/a><br \/>\n<a href=\"https:\/\/vasterortskyrkan.se\/wp-content\/uploads\/2014\/11\/micke-s.jpg\"><img loading=\"lazy\" decoding=\"async\" src=\"https:\/\/vasterortskyrkan.se\/wp-content\/uploads\/2014\/11\/micke-s.jpg?w=300\" alt=\"Mikael Skoglund\" width=\"300\" height=\"200\" class=\"alignnone size-medium wp-image-1313\" srcset=\"https:\/\/vasterortskyrkan.se\/wp-content\/uploads\/2014\/11\/micke-s.jpg 600w, https:\/\/vasterortskyrkan.se\/wp-content\/uploads\/2014\/11\/micke-s-300x200.jpg 300w\" sizes=\"auto, (max-width: 300px) 85vw, 300px\" \/><\/a><\/p>\n","protected":false},"excerpt":{"rendered":"<p>Tisdag 4 nov 10.00 Morgonb\u00f6n i V\u00e4sterort S\u00f6ndag 9 nov 11.00 GUDSTJ\u00c4NST. Predikan Niklas Olaisson, Ledning Karin Danielsson, S\u00e5ng H\u00e5kan karlsson, Musik Fredrik Hermansson Tisdag 11 nov 10.00 Morgonb\u00f6n i V\u00e4sterort Onsdag 12 nov 17.30-20.00 Stickcaf\u00e9 L\u00f6rdag-S\u00f6ndag 15-16 nov KULTURHELG L\u00f6rdag 14.00-18.00 F\u00f6rel\u00e4sning med Per Wirt\u00e9n + samtal + fika + film + samtal S\u00f6ndag &hellip; <a href=\"https:\/\/vasterortskyrkan.se\/index.php\/2014\/11\/03\/vecka-45-och-vecka-46-i-vasterortskyrkan\/\" class=\"more-link\">Forts\u00e4tt l\u00e4sa<span class=\"screen-reader-text\"> \u201dVecka 45 och vecka 46 i V\u00e4sterortskyrkan\u201d<\/span><\/a><\/p>\n","protected":false},"author":1,"featured_media":0,"comment_status":"closed","ping_status":"closed","sticky":false,"template":"","format":"standard","meta":{"jetpack_post_was_ever_published":false,"_jetpack_newsletter_access":"","_jetpack_dont_email_post_to_subs":false,"_jetpack_newsletter_tier_id":0,"_jetpack_memberships_contains_paywalled_content":false,"_jetpack_memberships_contains_paid_content":false,"footnotes":"","jetpack_publicize_message":"","jetpack_publicize_feature_enabled":true,"jetpack_social_post_already_shared":false,"jetpack_social_options":{"image_generator_settings":{"template":"highway","default_image_id":0,"font":"","enabled":false},"version":2}},"categories":[2],"tags":[],"class_list":["post-1310","post","type-post","status-publish","format-standard","hentry","category-vasterortskyrkan"],"jetpack_publicize_connections":[],"jetpack_featured_media_url":"","jetpack_sharing_enabled":true,"_links":{"self":[{"href":"https:\/\/vasterortskyrkan.se\/index.php\/wp-json\/wp\/v2\/posts\/1310","targetHints":{"allow":["GET"]}}],"collection":[{"href":"https:\/\/vasterortskyrkan.se\/index.php\/wp-json\/wp\/v2\/posts"}],"about":[{"href":"https:\/\/vasterortskyrkan.se\/index.php\/wp-json\/wp\/v2\/types\/post"}],"author":[{"embeddable":true,"href":"https:\/\/vasterortskyrkan.se\/index.php\/wp-json\/wp\/v2\/users\/1"}],"replies":[{"embeddable":true,"href":"https:\/\/vasterortskyrkan.se\/index.php\/wp-json\/wp\/v2\/comments?post=1310"}],"version-history":[{"count":0,"href":"https:\/\/vasterortskyrkan.se\/index.php\/wp-json\/wp\/v2\/posts\/1310\/revisions"}],"wp:attachment":[{"href":"https:\/\/vasterortskyrkan.se\/index.php\/wp-json\/wp\/v2\/media?parent=1310"}],"wp:term":[{"taxonomy":"category","embeddable":true,"href":"https:\/\/vasterortskyrkan.se\/index.php\/wp-json\/wp\/v2\/categories?post=1310"},{"taxonomy":"post_tag","embeddable":true,"href":"https:\/\/vasterortskyrkan.se\/index.php\/wp-json\/wp\/v2\/tags?post=1310"}],"curies":[{"name":"wp","href":"https:\/\/api.w.org\/{rel}","templated":true}]}}