{"id":1471,"date":"2015-09-09T11:01:34","date_gmt":"2015-09-09T09:01:34","guid":{"rendered":"https:\/\/vasterortskyrkan.wordpress.com\/?p=1471"},"modified":"2015-09-09T11:01:34","modified_gmt":"2015-09-09T09:01:34","slug":"detta-hander-framover","status":"publish","type":"post","link":"https:\/\/vasterortskyrkan.se\/index.php\/2015\/09\/09\/detta-hander-framover\/","title":{"rendered":"detta h\u00e4nder fram\u00f6ver&#8230;"},"content":{"rendered":"<p><strong>S\u00d6NDAG 13 september 11.00<\/strong><\/p>\n<p><em><strong>GUDSTJ\u00c4NST<\/strong><\/em><\/p>\n<p><em>Thomas Kazen, Lotta Geisler, Petter Jennervall, Joakim Borg<\/em><\/p>\n<p><strong>M\u00c5NDAG 14 september 12.00<\/strong><\/p>\n<p><em><strong>Damernas Litteraturgrupp startar.<\/strong><\/em><\/p>\n<p><strong>TISDAG 15 september 10.00<\/strong><\/p>\n<p><em><strong>MORGONB\u00d6N i V\u00c4STERORT<\/strong><strong>\u00a0<\/strong><\/em><\/p>\n<p><strong>ONSDAG 16 september 17.30-20<\/strong><\/p>\n<p><em><strong>STICKCAF\u00c9<\/strong><\/em><\/p>\n","protected":false},"excerpt":{"rendered":"<p>S\u00d6NDAG 13 september 11.00 GUDSTJ\u00c4NST Thomas Kazen, Lotta Geisler, Petter Jennervall, Joakim Borg M\u00c5NDAG 14 september 12.00 Damernas Litteraturgrupp startar. TISDAG 15 september 10.00 MORGONB\u00d6N i V\u00c4STERORT\u00a0 ONSDAG 16 september 17.30-20 STICKCAF\u00c9<\/p>\n","protected":false},"author":1,"featured_media":0,"comment_status":"closed","ping_status":"closed","sticky":false,"template":"","format":"standard","meta":{"jetpack_post_was_ever_published":false,"_jetpack_newsletter_access":"","_jetpack_dont_email_post_to_subs":false,"_jetpack_newsletter_tier_id":0,"_jetpack_memberships_contains_paywalled_content":false,"_jetpack_memberships_contains_paid_content":false,"footnotes":"","jetpack_publicize_message":"","jetpack_publicize_feature_enabled":true,"jetpack_social_post_already_shared":false,"jetpack_social_options":{"image_generator_settings":{"template":"highway","default_image_id":0,"font":"","enabled":false},"version":2}},"categories":[2],"tags":[],"class_list":["post-1471","post","type-post","status-publish","format-standard","hentry","category-vasterortskyrkan"],"jetpack_publicize_connections":[],"jetpack_featured_media_url":"","jetpack_sharing_enabled":true,"_links":{"self":[{"href":"https:\/\/vasterortskyrkan.se\/index.php\/wp-json\/wp\/v2\/posts\/1471","targetHints":{"allow":["GET"]}}],"collection":[{"href":"https:\/\/vasterortskyrkan.se\/index.php\/wp-json\/wp\/v2\/posts"}],"about":[{"href":"https:\/\/vasterortskyrkan.se\/index.php\/wp-json\/wp\/v2\/types\/post"}],"author":[{"embeddable":true,"href":"https:\/\/vasterortskyrkan.se\/index.php\/wp-json\/wp\/v2\/users\/1"}],"replies":[{"embeddable":true,"href":"https:\/\/vasterortskyrkan.se\/index.php\/wp-json\/wp\/v2\/comments?post=1471"}],"version-history":[{"count":0,"href":"https:\/\/vasterortskyrkan.se\/index.php\/wp-json\/wp\/v2\/posts\/1471\/revisions"}],"wp:attachment":[{"href":"https:\/\/vasterortskyrkan.se\/index.php\/wp-json\/wp\/v2\/media?parent=1471"}],"wp:term":[{"taxonomy":"category","embeddable":true,"href":"https:\/\/vasterortskyrkan.se\/index.php\/wp-json\/wp\/v2\/categories?post=1471"},{"taxonomy":"post_tag","embeddable":true,"href":"https:\/\/vasterortskyrkan.se\/index.php\/wp-json\/wp\/v2\/tags?post=1471"}],"curies":[{"name":"wp","href":"https:\/\/api.w.org\/{rel}","templated":true}]}}