{"id":1475,"date":"2015-09-16T18:36:34","date_gmt":"2015-09-16T16:36:34","guid":{"rendered":"https:\/\/vasterortskyrkan.wordpress.com\/?p=1475"},"modified":"2015-09-16T18:36:34","modified_gmt":"2015-09-16T16:36:34","slug":"gudstjanst-i-sveriges-radio","status":"publish","type":"post","link":"https:\/\/vasterortskyrkan.se\/index.php\/2015\/09\/16\/gudstjanst-i-sveriges-radio\/","title":{"rendered":"GUDSTJ\u00c4NST i Sveriges Radio"},"content":{"rendered":"<p>P\u00e5 s\u00f6ndag <strong>den 20 september<\/strong> s\u00e4nder <strong>Sveriges Radios P1 <\/strong>Gudstj\u00e4nsten fr\u00e5n V\u00e4sterortskyrkan. <strong>Gudstj\u00e4nsten<\/strong> s\u00e4nds direkt och s\u00e4ndningen b\u00f6rjar 11.03.<\/p>\n<p>Kom g\u00e4rna med p\u00e5 gudstj\u00e4nsten i rummet och delta med s\u00e5ng mm. Bra att vara i god tid!<\/p>\n<p>Temat f\u00f6r den 16 s\u00f6ndagen efter trefaldighet \u00e4r <strong>&#8221;D\u00f6den och Livet&#8221;\u00a0<\/strong><\/p>\n<p>I gudstj\u00e4nsten predikar pastor <strong>Svante Zettergren<\/strong> om uppst\u00e5ndelse, att st\u00e5 upp f\u00f6r, att st\u00e4lla upp p\u00e5, andra m\u00e4nniskor.<\/p>\n<p><strong>\u00c5ke Edvinsson<\/strong>, k\u00e4nd bl.a. fr\u00e5n s\u00e5nggruppen Fjedur, sjunger s\u00e5nger av Mikael Wiehe, Per Harling och sig sj\u00e4lv.<\/p>\n<p><strong>Kyrkok\u00f6ren<\/strong> under ledning av <strong>Christina Green Sandvik<\/strong> sjunger en &#8221;H\u00f6stpsalm&#8221; och G. de Frumieres tons\u00e4ttning av &#8221;Herren \u00e4r min herde&#8221;.<\/p>\n<p>Vi sjunger psalmer, lyssnar p\u00e5 texter och ber tillsammans.<\/p>\n<p>Gudstj\u00e4nsten kommer finnas tillg\u00e4nglig p\u00e5 Sveriges Radios hemsida en l\u00e4ngre tid efter s\u00f6ndagen s\u00e5 det g\u00e5r bra att lyssna senare och igen.<\/p>\n<p>P\u00e5 <strong>M\u00e5ndagen den 21 sep kl. 12<\/strong> \u00e4r det dags f\u00f6r samlingen <strong>Mitt p\u00e5 dagen.<\/strong><\/p>\n<p><strong>G\u00f6sta Ekspong<\/strong> talar \u00f6ver temat<strong> &#8221;Gud och slumpen&#8221;<\/strong><\/p>\n","protected":false},"excerpt":{"rendered":"<p>P\u00e5 s\u00f6ndag den 20 september s\u00e4nder Sveriges Radios P1 Gudstj\u00e4nsten fr\u00e5n V\u00e4sterortskyrkan. Gudstj\u00e4nsten s\u00e4nds direkt och s\u00e4ndningen b\u00f6rjar 11.03. Kom g\u00e4rna med p\u00e5 gudstj\u00e4nsten i rummet och delta med s\u00e5ng mm. Bra att vara i god tid! Temat f\u00f6r den 16 s\u00f6ndagen efter trefaldighet \u00e4r &#8221;D\u00f6den och Livet&#8221;\u00a0 I gudstj\u00e4nsten predikar pastor Svante Zettergren om &hellip; <a href=\"https:\/\/vasterortskyrkan.se\/index.php\/2015\/09\/16\/gudstjanst-i-sveriges-radio\/\" class=\"more-link\">Forts\u00e4tt l\u00e4sa<span class=\"screen-reader-text\"> \u201dGUDSTJ\u00c4NST i Sveriges Radio\u201d<\/span><\/a><\/p>\n","protected":false},"author":1,"featured_media":0,"comment_status":"closed","ping_status":"closed","sticky":false,"template":"","format":"standard","meta":{"jetpack_post_was_ever_published":false,"_jetpack_newsletter_access":"","_jetpack_dont_email_post_to_subs":false,"_jetpack_newsletter_tier_id":0,"_jetpack_memberships_contains_paywalled_content":false,"_jetpack_memberships_contains_paid_content":false,"footnotes":"","jetpack_publicize_message":"","jetpack_publicize_feature_enabled":true,"jetpack_social_post_already_shared":false,"jetpack_social_options":{"image_generator_settings":{"template":"highway","default_image_id":0,"font":"","enabled":false},"version":2}},"categories":[2],"tags":[],"class_list":["post-1475","post","type-post","status-publish","format-standard","hentry","category-vasterortskyrkan"],"jetpack_publicize_connections":[],"jetpack_featured_media_url":"","jetpack_sharing_enabled":true,"_links":{"self":[{"href":"https:\/\/vasterortskyrkan.se\/index.php\/wp-json\/wp\/v2\/posts\/1475","targetHints":{"allow":["GET"]}}],"collection":[{"href":"https:\/\/vasterortskyrkan.se\/index.php\/wp-json\/wp\/v2\/posts"}],"about":[{"href":"https:\/\/vasterortskyrkan.se\/index.php\/wp-json\/wp\/v2\/types\/post"}],"author":[{"embeddable":true,"href":"https:\/\/vasterortskyrkan.se\/index.php\/wp-json\/wp\/v2\/users\/1"}],"replies":[{"embeddable":true,"href":"https:\/\/vasterortskyrkan.se\/index.php\/wp-json\/wp\/v2\/comments?post=1475"}],"version-history":[{"count":0,"href":"https:\/\/vasterortskyrkan.se\/index.php\/wp-json\/wp\/v2\/posts\/1475\/revisions"}],"wp:attachment":[{"href":"https:\/\/vasterortskyrkan.se\/index.php\/wp-json\/wp\/v2\/media?parent=1475"}],"wp:term":[{"taxonomy":"category","embeddable":true,"href":"https:\/\/vasterortskyrkan.se\/index.php\/wp-json\/wp\/v2\/categories?post=1475"},{"taxonomy":"post_tag","embeddable":true,"href":"https:\/\/vasterortskyrkan.se\/index.php\/wp-json\/wp\/v2\/tags?post=1475"}],"curies":[{"name":"wp","href":"https:\/\/api.w.org\/{rel}","templated":true}]}}