{"id":2554,"date":"2017-06-24T21:46:13","date_gmt":"2017-06-24T19:46:13","guid":{"rendered":"https:\/\/vasterortskyrkan.wordpress.com\/?p=2554"},"modified":"2017-06-24T21:46:13","modified_gmt":"2017-06-24T19:46:13","slug":"2554","status":"publish","type":"post","link":"https:\/\/vasterortskyrkan.se\/index.php\/2017\/06\/24\/2554\/","title":{"rendered":""},"content":{"rendered":"<h1><strong>S\u00f6ndag 2 juli 11.00 Ekumenisk h\u00f6gm\u00e4ssa i S:t Tomas kyrka<\/strong><\/h1>\n<h2>Tredje efter trefaldighet <em>Svante Zettergren <\/em>predikan,<em> Marie Skoog, Gerd Nielsen<\/em><\/h2>\n<h1><strong>S\u00f6ndag 9 juli 11.00 Ekumenisk gudstj\u00e4nst<\/strong><\/h1>\n<h2>Fj\u00e4rde efter trefaldighet <em>Jesper \u00d6sterberg <\/em>predikan,<em> Karin Danielsson, Joakim Borg<\/em><\/h2>\n<h1><strong>S\u00f6ndag 16 juli 11.00 Ekumenisk h\u00f6gm\u00e4ssa i S:t Tomas<\/strong><\/h1>\n<h2>Apostladagen <em>Johnny Jonsson<\/em>\u00a0predikan<em>, Marie Skoog<\/em><\/h2>\n<h1><strong>S\u00f6ndag 23 juli 11.00 Ekumenisk gudstj\u00e4nst<\/strong><\/h1>\n<h2>Sj\u00e4tte efter trefaldighet. <em>Ingemar \u00c5sj\u00f6 <\/em>predikan,<em> Maria Svalfors, Joakim Borg<\/em><\/h2>\n<h1><strong>S\u00f6ndag 30 juli 11.00 Ekumenisk h\u00f6gm\u00e4ssa i S:t Tomas<\/strong><\/h1>\n<h2>Kristi f\u00f6rklaringsdag <em>Lars-\u00c5ke W Persson <\/em>predikan<em> Ingemar \u00c5sj\u00f6, Mats Stenlund<\/em><\/h2>\n<h1><strong>S\u00f6ndag 6 augusti 11.00 Ekumenisk gudstj\u00e4nst<\/strong><\/h1>\n<h2>\u00c5ttonde efter trefaldighet <em>Magdalena Ljunggren\u00a0<\/em>predikan,<em> Lennart Ring, Joakim Borg<\/em><\/h2>\n<h1><strong>S\u00f6ndag 13 augusti 11.00 Gudstj\u00e4nst\u00a0<\/strong><\/h1>\n<h2>Nionde efter trefaldighet <i>Olle Jonasson<\/i>\u00a0predikan, <em>Mattias Johannesson, Joakim Borg<\/em><\/h2>\n","protected":false},"excerpt":{"rendered":"<p>S\u00f6ndag 2 juli 11.00 Ekumenisk h\u00f6gm\u00e4ssa i S:t Tomas kyrka Tredje efter trefaldighet Svante Zettergren predikan, Marie Skoog, Gerd Nielsen S\u00f6ndag 9 juli 11.00 Ekumenisk gudstj\u00e4nst Fj\u00e4rde efter trefaldighet Jesper \u00d6sterberg predikan, Karin Danielsson, Joakim Borg S\u00f6ndag 16 juli 11.00 Ekumenisk h\u00f6gm\u00e4ssa i S:t Tomas Apostladagen Johnny Jonsson\u00a0predikan, Marie Skoog S\u00f6ndag 23 juli 11.00 Ekumenisk &hellip; <a href=\"https:\/\/vasterortskyrkan.se\/index.php\/2017\/06\/24\/2554\/\" class=\"more-link\">Forts\u00e4tt l\u00e4sa<span class=\"screen-reader-text\"> \u201d\u201d<\/span><\/a><\/p>\n","protected":false},"author":1,"featured_media":0,"comment_status":"closed","ping_status":"closed","sticky":false,"template":"","format":"standard","meta":{"jetpack_post_was_ever_published":false,"_jetpack_newsletter_access":"","_jetpack_dont_email_post_to_subs":false,"_jetpack_newsletter_tier_id":0,"_jetpack_memberships_contains_paywalled_content":false,"_jetpack_memberships_contains_paid_content":false,"footnotes":"","jetpack_publicize_message":"","jetpack_publicize_feature_enabled":true,"jetpack_social_post_already_shared":false,"jetpack_social_options":{"image_generator_settings":{"template":"highway","default_image_id":0,"font":"","enabled":false},"version":2}},"categories":[2],"tags":[],"class_list":["post-2554","post","type-post","status-publish","format-standard","hentry","category-vasterortskyrkan"],"jetpack_publicize_connections":[],"jetpack_featured_media_url":"","jetpack_sharing_enabled":true,"_links":{"self":[{"href":"https:\/\/vasterortskyrkan.se\/index.php\/wp-json\/wp\/v2\/posts\/2554","targetHints":{"allow":["GET"]}}],"collection":[{"href":"https:\/\/vasterortskyrkan.se\/index.php\/wp-json\/wp\/v2\/posts"}],"about":[{"href":"https:\/\/vasterortskyrkan.se\/index.php\/wp-json\/wp\/v2\/types\/post"}],"author":[{"embeddable":true,"href":"https:\/\/vasterortskyrkan.se\/index.php\/wp-json\/wp\/v2\/users\/1"}],"replies":[{"embeddable":true,"href":"https:\/\/vasterortskyrkan.se\/index.php\/wp-json\/wp\/v2\/comments?post=2554"}],"version-history":[{"count":0,"href":"https:\/\/vasterortskyrkan.se\/index.php\/wp-json\/wp\/v2\/posts\/2554\/revisions"}],"wp:attachment":[{"href":"https:\/\/vasterortskyrkan.se\/index.php\/wp-json\/wp\/v2\/media?parent=2554"}],"wp:term":[{"taxonomy":"category","embeddable":true,"href":"https:\/\/vasterortskyrkan.se\/index.php\/wp-json\/wp\/v2\/categories?post=2554"},{"taxonomy":"post_tag","embeddable":true,"href":"https:\/\/vasterortskyrkan.se\/index.php\/wp-json\/wp\/v2\/tags?post=2554"}],"curies":[{"name":"wp","href":"https:\/\/api.w.org\/{rel}","templated":true}]}}