{"id":2941,"date":"2018-10-28T18:23:23","date_gmt":"2018-10-28T16:23:23","guid":{"rendered":"https:\/\/vasterortskyrkan.wordpress.com\/?p=2941"},"modified":"2018-10-28T18:23:23","modified_gmt":"2018-10-28T16:23:23","slug":"2941","status":"publish","type":"post","link":"https:\/\/vasterortskyrkan.se\/index.php\/2018\/10\/28\/2941\/","title":{"rendered":""},"content":{"rendered":"<h2>Idag, 28 oktober, s\u00e4ndes v\u00e5r gudstj\u00e4nst direkt i Sveriges Radio. De n\u00e4rmaste 30 dagarna g\u00e5r det att lyssna p\u00e5 den <a href=\"https:\/\/sverigesradio.se\/avsnitt\/1169891\">h\u00e4r<\/a><\/h2>\n<h2><\/h2>\n<h1>L\u00f6rdag 3 november 16.00 Alla helgons dag\u00a0<span style=\"color:#800000;\"><strong><em>Fr\u00e5n ljus till m\u00f6rker &#8211; fr\u00e5n m\u00f6rker till ljus <\/em><\/strong><\/span><\/h1>\n<p><img loading=\"lazy\" decoding=\"async\" class=\"alignnone  wp-image-2942\" src=\"https:\/\/vasterortskyrkan.se\/wp-content\/uploads\/2018\/10\/img_2363.jpg\" alt=\"IMG_2363\" width=\"355\" height=\"474\" \/><strong>\u00a0<\/strong><\/p>\n<h2><strong>Orgel, Ord och Ljust\u00e4ndning<\/strong> med <em>Gunnar Idenstam <\/em>och <em>Svante Zettergren<\/em><\/h2>\n<h1>S\u00f6ndag 4 november 11.00 <span style=\"color:#800000;\"><strong>Gudstj\u00e4nst<\/strong><\/span><\/h1>\n<h2><em>Svante Zettergren, David Berjlund, Anna R\u00f6nnlund<\/em><\/h2>\n<h1>M\u00e5ndag 5 november 13.00 <span style=\"color:#800000;\"><strong>Damernas Litteraturgrupp<\/strong><\/span><\/h1>\n<h1>Tisdag 6 november 10.00 <span style=\"color:#800000;\"><strong>Morgonb\u00f6n i V\u00e4sterort<\/strong><\/span><\/h1>\n<p>&nbsp;<\/p>\n","protected":false},"excerpt":{"rendered":"<p>Idag, 28 oktober, s\u00e4ndes v\u00e5r gudstj\u00e4nst direkt i Sveriges Radio. De n\u00e4rmaste 30 dagarna g\u00e5r det att lyssna p\u00e5 den h\u00e4r L\u00f6rdag 3 november 16.00 Alla helgons dag\u00a0Fr\u00e5n ljus till m\u00f6rker &#8211; fr\u00e5n m\u00f6rker till ljus \u00a0 Orgel, Ord och Ljust\u00e4ndning med Gunnar Idenstam och Svante Zettergren S\u00f6ndag 4 november 11.00 Gudstj\u00e4nst Svante Zettergren, David &hellip; <a href=\"https:\/\/vasterortskyrkan.se\/index.php\/2018\/10\/28\/2941\/\" class=\"more-link\">Forts\u00e4tt l\u00e4sa<span class=\"screen-reader-text\"> \u201d\u201d<\/span><\/a><\/p>\n","protected":false},"author":1,"featured_media":0,"comment_status":"closed","ping_status":"closed","sticky":false,"template":"","format":"standard","meta":{"jetpack_post_was_ever_published":false,"_jetpack_newsletter_access":"","_jetpack_dont_email_post_to_subs":false,"_jetpack_newsletter_tier_id":0,"_jetpack_memberships_contains_paywalled_content":false,"_jetpack_memberships_contains_paid_content":false,"footnotes":"","jetpack_publicize_message":"","jetpack_publicize_feature_enabled":true,"jetpack_social_post_already_shared":false,"jetpack_social_options":{"image_generator_settings":{"template":"highway","default_image_id":0,"font":"","enabled":false},"version":2}},"categories":[2],"tags":[],"class_list":["post-2941","post","type-post","status-publish","format-standard","hentry","category-vasterortskyrkan"],"jetpack_publicize_connections":[],"jetpack_featured_media_url":"","jetpack_sharing_enabled":true,"_links":{"self":[{"href":"https:\/\/vasterortskyrkan.se\/index.php\/wp-json\/wp\/v2\/posts\/2941","targetHints":{"allow":["GET"]}}],"collection":[{"href":"https:\/\/vasterortskyrkan.se\/index.php\/wp-json\/wp\/v2\/posts"}],"about":[{"href":"https:\/\/vasterortskyrkan.se\/index.php\/wp-json\/wp\/v2\/types\/post"}],"author":[{"embeddable":true,"href":"https:\/\/vasterortskyrkan.se\/index.php\/wp-json\/wp\/v2\/users\/1"}],"replies":[{"embeddable":true,"href":"https:\/\/vasterortskyrkan.se\/index.php\/wp-json\/wp\/v2\/comments?post=2941"}],"version-history":[{"count":0,"href":"https:\/\/vasterortskyrkan.se\/index.php\/wp-json\/wp\/v2\/posts\/2941\/revisions"}],"wp:attachment":[{"href":"https:\/\/vasterortskyrkan.se\/index.php\/wp-json\/wp\/v2\/media?parent=2941"}],"wp:term":[{"taxonomy":"category","embeddable":true,"href":"https:\/\/vasterortskyrkan.se\/index.php\/wp-json\/wp\/v2\/categories?post=2941"},{"taxonomy":"post_tag","embeddable":true,"href":"https:\/\/vasterortskyrkan.se\/index.php\/wp-json\/wp\/v2\/tags?post=2941"}],"curies":[{"name":"wp","href":"https:\/\/api.w.org\/{rel}","templated":true}]}}