{"id":2983,"date":"2018-12-18T13:10:26","date_gmt":"2018-12-18T11:10:26","guid":{"rendered":"https:\/\/vasterortskyrkan.wordpress.com\/?p=2983"},"modified":"2018-12-18T13:10:26","modified_gmt":"2018-12-18T11:10:26","slug":"2983","status":"publish","type":"post","link":"https:\/\/vasterortskyrkan.se\/index.php\/2018\/12\/18\/2983\/","title":{"rendered":""},"content":{"rendered":"<h1 style=\"text-align:center;\"><strong><span style=\"color:#ff0000;\">V\u00e4sterortskyrkan \u00f6nskar <\/span><\/strong><\/h1>\n<h1 style=\"text-align:center;\"><strong><span style=\"color:#ff0000;\">God Jul &amp; Gott Nytt \u00c5r<\/span><\/strong><\/h1>\n<h1><\/h1>\n<p>&nbsp;<\/p>\n<h1>S\u00f6ndag 23\/12 <strong>Ingen gudstj\u00e4nst\u00a0<\/strong><\/h1>\n<h2>Bes\u00f6k g\u00e4rna n\u00e5gon annan kyrka<\/h2>\n<p>&nbsp;<\/p>\n<h1>M\u00e5ndag 24\/12 11.00 <strong>Julgudstj\u00e4nst <\/strong>Julafton<\/h1>\n<h2><em>Svante Zettergren, Ellen Arkbro, Cathrine Skagstedt<\/em><\/h2>\n<p>&nbsp;<\/p>\n<h1>S\u00f6ndag 30\/12 11.00 <strong>Gudstj\u00e4nst<\/strong><\/h1>\n<h1>S\u00f6ndagen efter Jul<\/h1>\n<h2><em>Svante Zettergren, Cathrine Skagstedt<\/em><\/h2>\n<p>&nbsp;<\/p>\n<h1>S\u00f6ndag 6\/1 11.00 <strong>Gudstj\u00e4nst<\/strong><\/h1>\n<h1>Trettondedag Jul<\/h1>\n<h2><em>Svante Zettergren, Cathrine Skagstedt<\/em><\/h2>\n<p>&nbsp;<\/p>\n<h1>Tisdag 8\/1 10.00 <strong>Morgonb\u00f6n i V\u00e4sterort<\/strong><\/h1>\n<p>&nbsp;<\/p>\n<h1>Torsdag 10\/1 18.30 <strong>GUD &#8211; \u00c4n sen d\u00e5?<\/strong><\/h1>\n<h2>F\u00f6rel\u00e4sning och samtal med <em>Joel Halldorf<\/em>, teolog, f\u00f6rfattare, skribent<\/h2>\n","protected":false},"excerpt":{"rendered":"<p>V\u00e4sterortskyrkan \u00f6nskar God Jul &amp; Gott Nytt \u00c5r &nbsp; S\u00f6ndag 23\/12 Ingen gudstj\u00e4nst\u00a0 Bes\u00f6k g\u00e4rna n\u00e5gon annan kyrka &nbsp; M\u00e5ndag 24\/12 11.00 Julgudstj\u00e4nst Julafton Svante Zettergren, Ellen Arkbro, Cathrine Skagstedt &nbsp; S\u00f6ndag 30\/12 11.00 Gudstj\u00e4nst S\u00f6ndagen efter Jul Svante Zettergren, Cathrine Skagstedt &nbsp; S\u00f6ndag 6\/1 11.00 Gudstj\u00e4nst Trettondedag Jul Svante Zettergren, Cathrine Skagstedt &nbsp; Tisdag &hellip; <a href=\"https:\/\/vasterortskyrkan.se\/index.php\/2018\/12\/18\/2983\/\" class=\"more-link\">Forts\u00e4tt l\u00e4sa<span class=\"screen-reader-text\"> \u201d\u201d<\/span><\/a><\/p>\n","protected":false},"author":1,"featured_media":0,"comment_status":"closed","ping_status":"closed","sticky":false,"template":"","format":"standard","meta":{"jetpack_post_was_ever_published":false,"_jetpack_newsletter_access":"","_jetpack_dont_email_post_to_subs":false,"_jetpack_newsletter_tier_id":0,"_jetpack_memberships_contains_paywalled_content":false,"_jetpack_memberships_contains_paid_content":false,"footnotes":"","jetpack_publicize_message":"","jetpack_publicize_feature_enabled":true,"jetpack_social_post_already_shared":false,"jetpack_social_options":{"image_generator_settings":{"template":"highway","default_image_id":0,"font":"","enabled":false},"version":2}},"categories":[2],"tags":[],"class_list":["post-2983","post","type-post","status-publish","format-standard","hentry","category-vasterortskyrkan"],"jetpack_publicize_connections":[],"jetpack_featured_media_url":"","jetpack_sharing_enabled":true,"_links":{"self":[{"href":"https:\/\/vasterortskyrkan.se\/index.php\/wp-json\/wp\/v2\/posts\/2983","targetHints":{"allow":["GET"]}}],"collection":[{"href":"https:\/\/vasterortskyrkan.se\/index.php\/wp-json\/wp\/v2\/posts"}],"about":[{"href":"https:\/\/vasterortskyrkan.se\/index.php\/wp-json\/wp\/v2\/types\/post"}],"author":[{"embeddable":true,"href":"https:\/\/vasterortskyrkan.se\/index.php\/wp-json\/wp\/v2\/users\/1"}],"replies":[{"embeddable":true,"href":"https:\/\/vasterortskyrkan.se\/index.php\/wp-json\/wp\/v2\/comments?post=2983"}],"version-history":[{"count":0,"href":"https:\/\/vasterortskyrkan.se\/index.php\/wp-json\/wp\/v2\/posts\/2983\/revisions"}],"wp:attachment":[{"href":"https:\/\/vasterortskyrkan.se\/index.php\/wp-json\/wp\/v2\/media?parent=2983"}],"wp:term":[{"taxonomy":"category","embeddable":true,"href":"https:\/\/vasterortskyrkan.se\/index.php\/wp-json\/wp\/v2\/categories?post=2983"},{"taxonomy":"post_tag","embeddable":true,"href":"https:\/\/vasterortskyrkan.se\/index.php\/wp-json\/wp\/v2\/tags?post=2983"}],"curies":[{"name":"wp","href":"https:\/\/api.w.org\/{rel}","templated":true}]}}