{"id":2985,"date":"2018-12-25T13:59:28","date_gmt":"2018-12-25T11:59:28","guid":{"rendered":"https:\/\/vasterortskyrkan.wordpress.com\/?p=2985"},"modified":"2018-12-25T13:59:28","modified_gmt":"2018-12-25T11:59:28","slug":"2985","status":"publish","type":"post","link":"https:\/\/vasterortskyrkan.se\/index.php\/2018\/12\/25\/2985\/","title":{"rendered":""},"content":{"rendered":"<h2>H\u00e4r kan du l\u00e4sa pastor Svante Zettergren predikan fr\u00e5n s\u00f6ndagen f\u00f6re Jul. <a title=\"predikan 30 dec 2018\" href=\"https:\/\/vasterortskyrkan.se\/wp-content\/uploads\/2018\/12\/predikan-30-dec-2018.pdf\">predikan 30 dec 2018<\/a><\/h2>\n<hr \/>\n<p>&nbsp;<\/p>\n<h2 style=\"text-align:center;\">V\u00e4sterorts F\u00f6rsamling till\u00f6nskar er alla ett<\/h2>\n<h1 style=\"text-align:center;\"><strong><span style=\"color:#800000;\">GOTT NYTT \u00c5R!<\/span><\/strong><\/h1>\n<hr \/>\n<p>&nbsp;<\/p>\n<h1>S\u00f6ndag \u00a06 jan 11.00 <strong>Gudstj\u00e4nst<\/strong> p\u00e5 Trettondedag Jul<\/h1>\n<h2><em>Svante Zettergren, Cathrine Skagstedt<\/em><\/h2>\n<h1>Tisdag 8 jan 10.00 <strong>Morgonb\u00f6n i V\u00e4sterort<\/strong><\/h1>\n<h1>Torsdag 10 jan 18.30 <strong>GUD &#8211; \u00c4n sen s\u00e5?\u00a0<\/strong><\/h1>\n<h2>F\u00f6rel\u00e4sning och samtal med <em>Joel Halldorf<\/em>, teolog, f\u00f6rfattare, skribent.<\/h2>\n<h2><img loading=\"lazy\" decoding=\"async\" class=\"  wp-image-2992 aligncenter\" src=\"https:\/\/vasterortskyrkan.se\/wp-content\/uploads\/2018\/12\/VILHNzAkjGWE3YFsZd6KQfjsC18.jpg\" alt=\"VILHNzAkjGWE3YFsZd6KQfjsC18\" width=\"420\" height=\"252\" srcset=\"https:\/\/vasterortskyrkan.se\/wp-content\/uploads\/2018\/12\/VILHNzAkjGWE3YFsZd6KQfjsC18.jpg 980w, https:\/\/vasterortskyrkan.se\/wp-content\/uploads\/2018\/12\/VILHNzAkjGWE3YFsZd6KQfjsC18-300x180.jpg 300w, https:\/\/vasterortskyrkan.se\/wp-content\/uploads\/2018\/12\/VILHNzAkjGWE3YFsZd6KQfjsC18-768x461.jpg 768w\" sizes=\"auto, (max-width: 420px) 85vw, 420px\" \/><\/h2>\n<p>&nbsp;<\/p>\n","protected":false},"excerpt":{"rendered":"<p>H\u00e4r kan du l\u00e4sa pastor Svante Zettergren predikan fr\u00e5n s\u00f6ndagen f\u00f6re Jul. predikan 30 dec 2018 &nbsp; V\u00e4sterorts F\u00f6rsamling till\u00f6nskar er alla ett GOTT NYTT \u00c5R! &nbsp; S\u00f6ndag \u00a06 jan 11.00 Gudstj\u00e4nst p\u00e5 Trettondedag Jul Svante Zettergren, Cathrine Skagstedt Tisdag 8 jan 10.00 Morgonb\u00f6n i V\u00e4sterort Torsdag 10 jan 18.30 GUD &#8211; \u00c4n sen s\u00e5?\u00a0 &hellip; <a href=\"https:\/\/vasterortskyrkan.se\/index.php\/2018\/12\/25\/2985\/\" class=\"more-link\">Forts\u00e4tt l\u00e4sa<span class=\"screen-reader-text\"> \u201d\u201d<\/span><\/a><\/p>\n","protected":false},"author":1,"featured_media":0,"comment_status":"closed","ping_status":"closed","sticky":false,"template":"","format":"standard","meta":{"jetpack_post_was_ever_published":false,"_jetpack_newsletter_access":"","_jetpack_dont_email_post_to_subs":false,"_jetpack_newsletter_tier_id":0,"_jetpack_memberships_contains_paywalled_content":false,"_jetpack_memberships_contains_paid_content":false,"footnotes":"","jetpack_publicize_message":"","jetpack_publicize_feature_enabled":true,"jetpack_social_post_already_shared":false,"jetpack_social_options":{"image_generator_settings":{"template":"highway","default_image_id":0,"font":"","enabled":false},"version":2}},"categories":[2],"tags":[],"class_list":["post-2985","post","type-post","status-publish","format-standard","hentry","category-vasterortskyrkan"],"jetpack_publicize_connections":[],"jetpack_featured_media_url":"","jetpack_sharing_enabled":true,"_links":{"self":[{"href":"https:\/\/vasterortskyrkan.se\/index.php\/wp-json\/wp\/v2\/posts\/2985","targetHints":{"allow":["GET"]}}],"collection":[{"href":"https:\/\/vasterortskyrkan.se\/index.php\/wp-json\/wp\/v2\/posts"}],"about":[{"href":"https:\/\/vasterortskyrkan.se\/index.php\/wp-json\/wp\/v2\/types\/post"}],"author":[{"embeddable":true,"href":"https:\/\/vasterortskyrkan.se\/index.php\/wp-json\/wp\/v2\/users\/1"}],"replies":[{"embeddable":true,"href":"https:\/\/vasterortskyrkan.se\/index.php\/wp-json\/wp\/v2\/comments?post=2985"}],"version-history":[{"count":0,"href":"https:\/\/vasterortskyrkan.se\/index.php\/wp-json\/wp\/v2\/posts\/2985\/revisions"}],"wp:attachment":[{"href":"https:\/\/vasterortskyrkan.se\/index.php\/wp-json\/wp\/v2\/media?parent=2985"}],"wp:term":[{"taxonomy":"category","embeddable":true,"href":"https:\/\/vasterortskyrkan.se\/index.php\/wp-json\/wp\/v2\/categories?post=2985"},{"taxonomy":"post_tag","embeddable":true,"href":"https:\/\/vasterortskyrkan.se\/index.php\/wp-json\/wp\/v2\/tags?post=2985"}],"curies":[{"name":"wp","href":"https:\/\/api.w.org\/{rel}","templated":true}]}}