{"id":3365,"date":"2020-04-21T09:39:03","date_gmt":"2020-04-21T07:39:03","guid":{"rendered":"https:\/\/vasterortskyrkan.wordpress.com\/?p=3365"},"modified":"2020-04-21T09:39:03","modified_gmt":"2020-04-21T07:39:03","slug":"3365","status":"publish","type":"post","link":"https:\/\/vasterortskyrkan.se\/index.php\/2020\/04\/21\/3365\/","title":{"rendered":""},"content":{"rendered":"<h1><strong>Morgonb\u00f6n i V\u00e4sterort<\/strong> 21 april<\/h1>\n<p>[vimeo 409759460 w=640 h=360]<\/p>\n<h2><\/h2>\n<h1>Tidigare inspelningar, bl.a. Bluesm\u00e4ssa och P\u00e5skdagsandakt, finns under rubriken<strong> Inspelningar<\/strong> i menyn ovan.<\/h1>\n<p>&nbsp;<\/p>\n<h1>P\u00e5 s\u00f6ndag f\u00f6rmiddag den 26 april kommer en <strong>S\u00f6ndagsh\u00e4lsning!<\/strong><\/h1>\n<p>&nbsp;<\/p>\n<h1>Ta vara p\u00e5 varandra, h\u00e5ll avst\u00e5nd och ring varandra!<\/h1>\n<h2>Kyrkans mobil 0760 &#8211; 27 21 87<\/h2>\n","protected":false},"excerpt":{"rendered":"<p>Morgonb\u00f6n i V\u00e4sterort 21 april [vimeo 409759460 w=640 h=360] Tidigare inspelningar, bl.a. Bluesm\u00e4ssa och P\u00e5skdagsandakt, finns under rubriken Inspelningar i menyn ovan. &nbsp; P\u00e5 s\u00f6ndag f\u00f6rmiddag den 26 april kommer en S\u00f6ndagsh\u00e4lsning! &nbsp; Ta vara p\u00e5 varandra, h\u00e5ll avst\u00e5nd och ring varandra! Kyrkans mobil 0760 &#8211; 27 21 87<\/p>\n","protected":false},"author":1,"featured_media":0,"comment_status":"closed","ping_status":"closed","sticky":false,"template":"","format":"standard","meta":{"jetpack_post_was_ever_published":false,"_jetpack_newsletter_access":"","_jetpack_dont_email_post_to_subs":false,"_jetpack_newsletter_tier_id":0,"_jetpack_memberships_contains_paywalled_content":false,"_jetpack_memberships_contains_paid_content":false,"footnotes":"","jetpack_publicize_message":"","jetpack_publicize_feature_enabled":true,"jetpack_social_post_already_shared":false,"jetpack_social_options":{"image_generator_settings":{"template":"highway","default_image_id":0,"font":"","enabled":false},"version":2}},"categories":[2],"tags":[],"class_list":["post-3365","post","type-post","status-publish","format-standard","hentry","category-vasterortskyrkan"],"jetpack_publicize_connections":[],"jetpack_featured_media_url":"","jetpack_sharing_enabled":true,"_links":{"self":[{"href":"https:\/\/vasterortskyrkan.se\/index.php\/wp-json\/wp\/v2\/posts\/3365","targetHints":{"allow":["GET"]}}],"collection":[{"href":"https:\/\/vasterortskyrkan.se\/index.php\/wp-json\/wp\/v2\/posts"}],"about":[{"href":"https:\/\/vasterortskyrkan.se\/index.php\/wp-json\/wp\/v2\/types\/post"}],"author":[{"embeddable":true,"href":"https:\/\/vasterortskyrkan.se\/index.php\/wp-json\/wp\/v2\/users\/1"}],"replies":[{"embeddable":true,"href":"https:\/\/vasterortskyrkan.se\/index.php\/wp-json\/wp\/v2\/comments?post=3365"}],"version-history":[{"count":0,"href":"https:\/\/vasterortskyrkan.se\/index.php\/wp-json\/wp\/v2\/posts\/3365\/revisions"}],"wp:attachment":[{"href":"https:\/\/vasterortskyrkan.se\/index.php\/wp-json\/wp\/v2\/media?parent=3365"}],"wp:term":[{"taxonomy":"category","embeddable":true,"href":"https:\/\/vasterortskyrkan.se\/index.php\/wp-json\/wp\/v2\/categories?post=3365"},{"taxonomy":"post_tag","embeddable":true,"href":"https:\/\/vasterortskyrkan.se\/index.php\/wp-json\/wp\/v2\/tags?post=3365"}],"curies":[{"name":"wp","href":"https:\/\/api.w.org\/{rel}","templated":true}]}}