{"id":3572,"date":"2020-11-10T12:22:02","date_gmt":"2020-11-10T10:22:02","guid":{"rendered":"https:\/\/vasterortskyrkan.wordpress.com\/?p=3572"},"modified":"2020-11-10T12:22:02","modified_gmt":"2020-11-10T10:22:02","slug":"3572","status":"publish","type":"post","link":"https:\/\/vasterortskyrkan.se\/index.php\/2020\/11\/10\/3572\/","title":{"rendered":""},"content":{"rendered":"<p><img loading=\"lazy\" decoding=\"async\" class=\"alignnone size-full wp-image-3219\" src=\"https:\/\/vasterortskyrkan.se\/wp-content\/uploads\/2019\/11\/fullsizeoutput_1ba2.jpeg\" alt=\"fullsizeoutput_1ba2\" width=\"1240\" height=\"369\" srcset=\"https:\/\/vasterortskyrkan.se\/wp-content\/uploads\/2019\/11\/fullsizeoutput_1ba2.jpeg 1240w, https:\/\/vasterortskyrkan.se\/wp-content\/uploads\/2019\/11\/fullsizeoutput_1ba2-300x89.jpeg 300w, https:\/\/vasterortskyrkan.se\/wp-content\/uploads\/2019\/11\/fullsizeoutput_1ba2-1024x305.jpeg 1024w, https:\/\/vasterortskyrkan.se\/wp-content\/uploads\/2019\/11\/fullsizeoutput_1ba2-768x229.jpeg 768w\" sizes=\"auto, (max-width: 709px) 85vw, (max-width: 909px) 67vw, (max-width: 1362px) 62vw, 840px\" \/><\/p>\n<h2>Med anledning av striktare rekommendationer\/restriktioner g\u00e4llande Corona s\u00e5 har vi inga <em>i verkliga livet<\/em>-samlingar. Vi \u00e5terkommer n\u00e4r vi vet mer och n\u00e5gon f\u00f6r\u00e4ndring sker. Det g\u00e4ller att ta vara p\u00e5 varandra och vara noggranna.<\/h2>\n<h2>Eftersom en del st\u00f6rre m\u00f6jligheter till insamlingar till V\u00e4sterorts F\u00f6rsamling uteblir <em>(Vad sommaren gav, Julmarknad)<\/em> s\u00e5 finns en m\u00f6jlighet att ge lite extra <strong>(SWISH-nummer 123-107 27 27)<\/strong>. Nu senast med en auktion av konst och hantverk. Allt om detta g\u00e5r att l\u00e4sa i denna pdf;\u00a0<a title=\"Konstauktion 2020\" href=\"https:\/\/vasterortskyrkan.se\/wp-content\/uploads\/2020\/11\/konstauktion-2020.pdf\">Konstauktion 2020\u00a0<\/a><\/h2>\n<h2>Sprid g\u00e4rna information om detta till n\u00e5gon du tror \u00e4r intresserad.<\/h2>\n<h2>Fram\u00f6ver h\u00e4nder \u00e4nd\u00e5 f\u00f6ljande:<\/h2>\n<h2><strong>15 november<\/strong> kommer Sveriges Radio till v\u00e5r kyrka och spelar in <em>M\u00e4ssa i F\u00f6rorten<\/em> med<em> Isabella Lundgren<\/em> som solist. Anders Johnsson, Andreas Kinger och Robert \u00d6berg kompar. Den gudstj\u00e4nsten s\u00e4nds s\u00f6ndagen d\u00e4rp\u00e5&#8230;<\/h2>\n<h2><strong>22 november<\/strong> 11.03 p\u00e5 Sveriges Radios P1 s\u00e4nds <em>M\u00e4ssa i f\u00f6rorten<\/em> fr\u00e5n V\u00e4sterortskyrkan.<\/h2>\n<p><img loading=\"lazy\" decoding=\"async\" class=\"wp-image-3578 aligncenter\" src=\"https:\/\/vasterortskyrkan.se\/wp-content\/uploads\/2020\/11\/img_0700.jpeg\" alt=\"IMG_0700\" width=\"430\" height=\"322\" \/><\/p>\n","protected":false},"excerpt":{"rendered":"<p>Med anledning av striktare rekommendationer\/restriktioner g\u00e4llande Corona s\u00e5 har vi inga i verkliga livet-samlingar. Vi \u00e5terkommer n\u00e4r vi vet mer och n\u00e5gon f\u00f6r\u00e4ndring sker. Det g\u00e4ller att ta vara p\u00e5 varandra och vara noggranna. Eftersom en del st\u00f6rre m\u00f6jligheter till insamlingar till V\u00e4sterorts F\u00f6rsamling uteblir (Vad sommaren gav, Julmarknad) s\u00e5 finns en m\u00f6jlighet att ge &hellip; <a href=\"https:\/\/vasterortskyrkan.se\/index.php\/2020\/11\/10\/3572\/\" class=\"more-link\">Forts\u00e4tt l\u00e4sa<span class=\"screen-reader-text\"> \u201d\u201d<\/span><\/a><\/p>\n","protected":false},"author":1,"featured_media":0,"comment_status":"closed","ping_status":"closed","sticky":false,"template":"","format":"standard","meta":{"jetpack_post_was_ever_published":false,"_jetpack_newsletter_access":"","_jetpack_dont_email_post_to_subs":false,"_jetpack_newsletter_tier_id":0,"_jetpack_memberships_contains_paywalled_content":false,"_jetpack_memberships_contains_paid_content":false,"footnotes":"","jetpack_publicize_message":"","jetpack_publicize_feature_enabled":true,"jetpack_social_post_already_shared":false,"jetpack_social_options":{"image_generator_settings":{"template":"highway","default_image_id":0,"font":"","enabled":false},"version":2}},"categories":[2],"tags":[],"class_list":["post-3572","post","type-post","status-publish","format-standard","hentry","category-vasterortskyrkan"],"jetpack_publicize_connections":[],"jetpack_featured_media_url":"","jetpack_sharing_enabled":true,"_links":{"self":[{"href":"https:\/\/vasterortskyrkan.se\/index.php\/wp-json\/wp\/v2\/posts\/3572","targetHints":{"allow":["GET"]}}],"collection":[{"href":"https:\/\/vasterortskyrkan.se\/index.php\/wp-json\/wp\/v2\/posts"}],"about":[{"href":"https:\/\/vasterortskyrkan.se\/index.php\/wp-json\/wp\/v2\/types\/post"}],"author":[{"embeddable":true,"href":"https:\/\/vasterortskyrkan.se\/index.php\/wp-json\/wp\/v2\/users\/1"}],"replies":[{"embeddable":true,"href":"https:\/\/vasterortskyrkan.se\/index.php\/wp-json\/wp\/v2\/comments?post=3572"}],"version-history":[{"count":0,"href":"https:\/\/vasterortskyrkan.se\/index.php\/wp-json\/wp\/v2\/posts\/3572\/revisions"}],"wp:attachment":[{"href":"https:\/\/vasterortskyrkan.se\/index.php\/wp-json\/wp\/v2\/media?parent=3572"}],"wp:term":[{"taxonomy":"category","embeddable":true,"href":"https:\/\/vasterortskyrkan.se\/index.php\/wp-json\/wp\/v2\/categories?post=3572"},{"taxonomy":"post_tag","embeddable":true,"href":"https:\/\/vasterortskyrkan.se\/index.php\/wp-json\/wp\/v2\/tags?post=3572"}],"curies":[{"name":"wp","href":"https:\/\/api.w.org\/{rel}","templated":true}]}}