{"id":3721,"date":"2021-02-22T18:00:36","date_gmt":"2021-02-22T16:00:36","guid":{"rendered":"https:\/\/vasterortskyrkan.wordpress.com\/?p=3721"},"modified":"2021-02-22T18:00:36","modified_gmt":"2021-02-22T16:00:36","slug":"3721","status":"publish","type":"post","link":"https:\/\/vasterortskyrkan.se\/index.php\/2021\/02\/22\/3721\/","title":{"rendered":""},"content":{"rendered":"\n<figure class=\"wp-block-image size-large\"><a href=\"https:\/\/vasterortskyrkan.se\/wp-content\/uploads\/2019\/10\/2.jpeg\"><img loading=\"lazy\" decoding=\"async\" width=\"1240\" height=\"369\" src=\"https:\/\/vasterortskyrkan.se\/wp-content\/uploads\/2019\/10\/2.jpeg?w=1024\" alt=\"\" class=\"wp-image-3179\" srcset=\"https:\/\/vasterortskyrkan.se\/wp-content\/uploads\/2019\/10\/2.jpeg 1240w, https:\/\/vasterortskyrkan.se\/wp-content\/uploads\/2019\/10\/2-300x89.jpeg 300w, https:\/\/vasterortskyrkan.se\/wp-content\/uploads\/2019\/10\/2-1024x305.jpeg 1024w, https:\/\/vasterortskyrkan.se\/wp-content\/uploads\/2019\/10\/2-768x229.jpeg 768w\" sizes=\"auto, (max-width: 709px) 85vw, (max-width: 909px) 67vw, (max-width: 1362px) 62vw, 840px\" \/><\/a><\/figure>\n\n\n<h1><strong>N\u00e5gra p\u00e5lysningar:<\/strong><\/h1>\n<h1>Under resten av terminen vill vi v\u00e4lkomna er till <strong><em>Ljust\u00e4ndning och b\u00f6n i en sv\u00e5r tid.<\/em><\/strong> Varannan torsdag (udda veckor) 17.00 och 17.30. Max \u00e5tta deltagare vid varje tillf\u00e4lle och m\u00f6jlighet att sitta ner tillsammans en stund efter andakten. <a title=\"Ljust\u00e4ndning och b\u00f6n i en sv\u00e5r tid\" href=\"https:\/\/vasterortskyrkan.se\/wp-content\/uploads\/2021\/02\/ljustandning-och-bon-i-en-svar-tid-2.pdf\">H\u00e4r<\/a>\u00a0\u00e4r andakten s\u00e5 du kan vara med hemifr\u00e5n ocks\u00e5.<\/h1>\n<p><img loading=\"lazy\" decoding=\"async\" class=\"alignnone  wp-image-1308\" src=\"https:\/\/vasterortskyrkan.se\/wp-content\/uploads\/2014\/10\/img_3306.jpg\" alt=\"IMG_3306\" width=\"177\" height=\"265\" \/><\/p>\n<h1><strong>\u00d6ppen Kyrka\u00a0<\/strong>varje s\u00f6ndag mellan 11.00 och 12.00. Sitt ner i kyrkorummet f\u00f6r eftertanke, ljust\u00e4ndning, b\u00f6n, kontemplation. Max \u00e5tta personer samtidigt.<\/h1>\n<p>\u00a0<\/p>\n\n\n<p><\/p>\n","protected":false},"excerpt":{"rendered":"<p>N\u00e5gra p\u00e5lysningar: Under resten av terminen vill vi v\u00e4lkomna er till Ljust\u00e4ndning och b\u00f6n i en sv\u00e5r tid. Varannan torsdag (udda veckor) 17.00 och 17.30. Max \u00e5tta deltagare vid varje tillf\u00e4lle och m\u00f6jlighet att sitta ner tillsammans en stund efter andakten. H\u00e4r\u00a0\u00e4r andakten s\u00e5 du kan vara med hemifr\u00e5n ocks\u00e5. \u00d6ppen Kyrka\u00a0varje s\u00f6ndag mellan 11.00 &hellip; <a href=\"https:\/\/vasterortskyrkan.se\/index.php\/2021\/02\/22\/3721\/\" class=\"more-link\">Forts\u00e4tt l\u00e4sa<span class=\"screen-reader-text\"> \u201d\u201d<\/span><\/a><\/p>\n","protected":false},"author":1,"featured_media":0,"comment_status":"closed","ping_status":"closed","sticky":false,"template":"","format":"standard","meta":{"jetpack_post_was_ever_published":false,"_jetpack_newsletter_access":"","_jetpack_dont_email_post_to_subs":false,"_jetpack_newsletter_tier_id":0,"_jetpack_memberships_contains_paywalled_content":false,"_jetpack_memberships_contains_paid_content":false,"footnotes":"","jetpack_publicize_message":"","jetpack_publicize_feature_enabled":true,"jetpack_social_post_already_shared":false,"jetpack_social_options":{"image_generator_settings":{"template":"highway","default_image_id":0,"font":"","enabled":false},"version":2}},"categories":[2],"tags":[],"class_list":["post-3721","post","type-post","status-publish","format-standard","hentry","category-vasterortskyrkan"],"jetpack_publicize_connections":[],"jetpack_featured_media_url":"","jetpack_sharing_enabled":true,"_links":{"self":[{"href":"https:\/\/vasterortskyrkan.se\/index.php\/wp-json\/wp\/v2\/posts\/3721","targetHints":{"allow":["GET"]}}],"collection":[{"href":"https:\/\/vasterortskyrkan.se\/index.php\/wp-json\/wp\/v2\/posts"}],"about":[{"href":"https:\/\/vasterortskyrkan.se\/index.php\/wp-json\/wp\/v2\/types\/post"}],"author":[{"embeddable":true,"href":"https:\/\/vasterortskyrkan.se\/index.php\/wp-json\/wp\/v2\/users\/1"}],"replies":[{"embeddable":true,"href":"https:\/\/vasterortskyrkan.se\/index.php\/wp-json\/wp\/v2\/comments?post=3721"}],"version-history":[{"count":0,"href":"https:\/\/vasterortskyrkan.se\/index.php\/wp-json\/wp\/v2\/posts\/3721\/revisions"}],"wp:attachment":[{"href":"https:\/\/vasterortskyrkan.se\/index.php\/wp-json\/wp\/v2\/media?parent=3721"}],"wp:term":[{"taxonomy":"category","embeddable":true,"href":"https:\/\/vasterortskyrkan.se\/index.php\/wp-json\/wp\/v2\/categories?post=3721"},{"taxonomy":"post_tag","embeddable":true,"href":"https:\/\/vasterortskyrkan.se\/index.php\/wp-json\/wp\/v2\/tags?post=3721"}],"curies":[{"name":"wp","href":"https:\/\/api.w.org\/{rel}","templated":true}]}}