{"id":3844,"date":"2021-06-20T08:48:45","date_gmt":"2021-06-20T06:48:45","guid":{"rendered":"https:\/\/vasterortskyrkan.wordpress.com\/?p=3844"},"modified":"2021-06-20T08:48:45","modified_gmt":"2021-06-20T06:48:45","slug":"3844","status":"publish","type":"post","link":"https:\/\/vasterortskyrkan.se\/index.php\/2021\/06\/20\/3844\/","title":{"rendered":""},"content":{"rendered":"\n<p><\/p>\n\n\n\n<figure class=\"wp-block-gallery columns-1 is-cropped wp-block-gallery-1 is-layout-flex wp-block-gallery-is-layout-flex\"><ul class=\"blocks-gallery-grid\"><li class=\"blocks-gallery-item\"><figure><a href=\"https:\/\/vasterortskyrkan.se\/wp-content\/uploads\/2021\/06\/img_0303.jpeg\"><img decoding=\"async\" src=\"https:\/\/vasterortskyrkan.se\/wp-content\/uploads\/2021\/06\/img_0303.jpeg?w=768\" alt=\"\" data-id=\"3854\" data-link=\"https:\/\/vasterortskyrkan.wordpress.com\/img_0303\/\" class=\"wp-image-3854\" \/><\/a><\/figure><\/li><\/ul><\/figure>\n\n\n\n<p><\/p>\n\n\n\n<p class=\"has-huge-font-size\" style=\"line-height:1.6;\"><strong>V\u00e4sterorts F\u00f6rsamling \u00f6nskar er alla och envar en bra sommar&#8230; <em>&#8221;G\u00e5 ut min sj\u00e4l och gl\u00e4d dig vid den store Gudens g\u00e5vor&#8221;<\/em><\/strong><\/p>\n\n\n\n\n\n<p class=\"has-huge-font-size\"><\/p>\n\n\n\n<p><div class=\"jetpack-video-wrapper\"><iframe loading=\"lazy\" title=\"En s\u00f6ndagsh\u00e4lsning fr\u00e5n pastorn i V\u00e4sterortskyrkan 20 juni 2021\" src=\"https:\/\/player.vimeo.com\/video\/564256736?dnt=1&amp;app_id=122963\" width=\"840\" height=\"473\" frameborder=\"0\" allow=\"autoplay; fullscreen; picture-in-picture; clipboard-write; encrypted-media; web-share\" referrerpolicy=\"strict-origin-when-cross-origin\"><\/iframe><\/div> <\/p>\n\n\n\n<p class=\"has-huge-font-size\" style=\"line-height:1.6;\"><strong>S\u00f6ndag 20 juni 11.00-12.00 \u00d6PPEN KYRKA<\/strong><\/p>\n\n\n\n<p class=\"has-huge-font-size\" style=\"line-height:1.6;\"><strong>Kaf\u00e9 V\u00e4llingby \u00e4r \u00f6ppet hela sommaren, m\u00e5ndag-fredag 09.00-12.00<\/strong><\/p>\n\n\n\n<p><\/p>\n","protected":false},"excerpt":{"rendered":"<p>V\u00e4sterorts F\u00f6rsamling \u00f6nskar er alla och envar en bra sommar&#8230; &#8221;G\u00e5 ut min sj\u00e4l och gl\u00e4d dig vid den store Gudens g\u00e5vor&#8221; S\u00f6ndag 20 juni 11.00-12.00 \u00d6PPEN KYRKA Kaf\u00e9 V\u00e4llingby \u00e4r \u00f6ppet hela sommaren, m\u00e5ndag-fredag 09.00-12.00<\/p>\n","protected":false},"author":1,"featured_media":0,"comment_status":"closed","ping_status":"closed","sticky":false,"template":"","format":"standard","meta":{"jetpack_post_was_ever_published":false,"_jetpack_newsletter_access":"","_jetpack_dont_email_post_to_subs":false,"_jetpack_newsletter_tier_id":0,"_jetpack_memberships_contains_paywalled_content":false,"_jetpack_memberships_contains_paid_content":false,"footnotes":"","jetpack_publicize_message":"","jetpack_publicize_feature_enabled":true,"jetpack_social_post_already_shared":false,"jetpack_social_options":{"image_generator_settings":{"template":"highway","default_image_id":0,"font":"","enabled":false},"version":2}},"categories":[2],"tags":[],"class_list":["post-3844","post","type-post","status-publish","format-standard","hentry","category-vasterortskyrkan"],"jetpack_publicize_connections":[],"jetpack_featured_media_url":"","jetpack_sharing_enabled":true,"_links":{"self":[{"href":"https:\/\/vasterortskyrkan.se\/index.php\/wp-json\/wp\/v2\/posts\/3844","targetHints":{"allow":["GET"]}}],"collection":[{"href":"https:\/\/vasterortskyrkan.se\/index.php\/wp-json\/wp\/v2\/posts"}],"about":[{"href":"https:\/\/vasterortskyrkan.se\/index.php\/wp-json\/wp\/v2\/types\/post"}],"author":[{"embeddable":true,"href":"https:\/\/vasterortskyrkan.se\/index.php\/wp-json\/wp\/v2\/users\/1"}],"replies":[{"embeddable":true,"href":"https:\/\/vasterortskyrkan.se\/index.php\/wp-json\/wp\/v2\/comments?post=3844"}],"version-history":[{"count":0,"href":"https:\/\/vasterortskyrkan.se\/index.php\/wp-json\/wp\/v2\/posts\/3844\/revisions"}],"wp:attachment":[{"href":"https:\/\/vasterortskyrkan.se\/index.php\/wp-json\/wp\/v2\/media?parent=3844"}],"wp:term":[{"taxonomy":"category","embeddable":true,"href":"https:\/\/vasterortskyrkan.se\/index.php\/wp-json\/wp\/v2\/categories?post=3844"},{"taxonomy":"post_tag","embeddable":true,"href":"https:\/\/vasterortskyrkan.se\/index.php\/wp-json\/wp\/v2\/tags?post=3844"}],"curies":[{"name":"wp","href":"https:\/\/api.w.org\/{rel}","templated":true}]}}