{"id":3991,"date":"2021-11-07T22:15:55","date_gmt":"2021-11-07T20:15:55","guid":{"rendered":"https:\/\/vasterortskyrkan.wordpress.com\/?p=3991"},"modified":"2021-11-07T22:15:55","modified_gmt":"2021-11-07T20:15:55","slug":"3991","status":"publish","type":"post","link":"https:\/\/vasterortskyrkan.se\/index.php\/2021\/11\/07\/3991\/","title":{"rendered":""},"content":{"rendered":"\n<p class=\"has-black-color has-text-color has-huge-font-size\" style=\"line-height:1.4;\"><strong>9 november 10.00 Morgonb\u00f6n i V\u00e4sterort<\/strong><\/p>\n\n\n\n<p class=\"has-huge-font-size\" style=\"line-height:1.4;\"><strong>10 november 14.00 Vem var Elia?\u00a0<\/strong><em>Gunnar Nilsson\u00a0<\/em>ber\u00e4ttar Mitt p\u00e5 dagen<\/p>\n\n\n\n<p class=\"has-huge-font-size\" style=\"line-height:1.4;\"><strong>14 november 11.00 Gudstj\u00e4nst\u00a0\u00a0<\/strong>S\u00f6ndagen f\u00f6re doms\u00f6ndagen<strong>\u00a0\u00a0\u00a0\u00a0\u00a0\u00a0\u00a0\u00a0\u00a0\u00a0\u00a0\u00a0\u00a0\u00a0\u00a0<\/strong><\/p>\n\n\n\n<p class=\"has-huge-font-size\" style=\"line-height:1.4;\"><em>Anki Falk, Mattias Johannesson, Christina Green-Sandvik, Kyrkok\u00f6ren<\/em><\/p>\n\n\n\n<p><\/p>\n\n\n\n<p class=\"has-huge-font-size\" style=\"line-height:1.4;\"><strong>18 november 18.30 Teologi &#8211; \u00c4n sen d\u00e5?\u00a0<\/strong><em>\u00c5ke Jonsson.<\/em>\u00a0F\u00f6rel\u00e4sning och samtal<\/p>\n\n\n\n<p><\/p>\n\n\n\n<p><\/p>\n\n\n\n<p class=\"has-huge-font-size\" style=\"line-height:1.4;\"><strong>21 november 11.00\u00a0Gudstj\u00e4nst med nattvard<\/strong> Doms\u00f6ndagen<strong>\u00a0\u00a0\u00a0\u00a0\u00a0\u00a0\u00a0\u00a0\u00a0\u00a0\u00a0\u00a0\u00a0\u00a0\u00a0\u00a0\u00a0\u00a0<\/strong><\/p>\n\n\n\n<p class=\"has-huge-font-size\" style=\"line-height:1.4;\"><em>Svante Zettergren, Cathrine Skagstedt<\/em><\/p>\n","protected":false},"excerpt":{"rendered":"<p>9 november 10.00 Morgonb\u00f6n i V\u00e4sterort 10 november 14.00 Vem var Elia?\u00a0Gunnar Nilsson\u00a0ber\u00e4ttar Mitt p\u00e5 dagen 14 november 11.00 Gudstj\u00e4nst\u00a0\u00a0S\u00f6ndagen f\u00f6re doms\u00f6ndagen\u00a0\u00a0\u00a0\u00a0\u00a0\u00a0\u00a0\u00a0\u00a0\u00a0\u00a0\u00a0\u00a0\u00a0\u00a0 Anki Falk, Mattias Johannesson, Christina Green-Sandvik, Kyrkok\u00f6ren 18 november 18.30 Teologi &#8211; \u00c4n sen d\u00e5?\u00a0\u00c5ke Jonsson.\u00a0F\u00f6rel\u00e4sning och samtal 21 november 11.00\u00a0Gudstj\u00e4nst med nattvard Doms\u00f6ndagen\u00a0\u00a0\u00a0\u00a0\u00a0\u00a0\u00a0\u00a0\u00a0\u00a0\u00a0\u00a0\u00a0\u00a0\u00a0\u00a0\u00a0\u00a0 Svante Zettergren, Cathrine Skagstedt<\/p>\n","protected":false},"author":1,"featured_media":0,"comment_status":"closed","ping_status":"closed","sticky":false,"template":"","format":"standard","meta":{"jetpack_post_was_ever_published":false,"_jetpack_newsletter_access":"","_jetpack_dont_email_post_to_subs":false,"_jetpack_newsletter_tier_id":0,"_jetpack_memberships_contains_paywalled_content":false,"_jetpack_memberships_contains_paid_content":false,"footnotes":"","jetpack_publicize_message":"","jetpack_publicize_feature_enabled":true,"jetpack_social_post_already_shared":false,"jetpack_social_options":{"image_generator_settings":{"template":"highway","default_image_id":0,"font":"","enabled":false},"version":2}},"categories":[2],"tags":[],"class_list":["post-3991","post","type-post","status-publish","format-standard","hentry","category-vasterortskyrkan"],"jetpack_publicize_connections":[],"jetpack_featured_media_url":"","jetpack_sharing_enabled":true,"_links":{"self":[{"href":"https:\/\/vasterortskyrkan.se\/index.php\/wp-json\/wp\/v2\/posts\/3991","targetHints":{"allow":["GET"]}}],"collection":[{"href":"https:\/\/vasterortskyrkan.se\/index.php\/wp-json\/wp\/v2\/posts"}],"about":[{"href":"https:\/\/vasterortskyrkan.se\/index.php\/wp-json\/wp\/v2\/types\/post"}],"author":[{"embeddable":true,"href":"https:\/\/vasterortskyrkan.se\/index.php\/wp-json\/wp\/v2\/users\/1"}],"replies":[{"embeddable":true,"href":"https:\/\/vasterortskyrkan.se\/index.php\/wp-json\/wp\/v2\/comments?post=3991"}],"version-history":[{"count":0,"href":"https:\/\/vasterortskyrkan.se\/index.php\/wp-json\/wp\/v2\/posts\/3991\/revisions"}],"wp:attachment":[{"href":"https:\/\/vasterortskyrkan.se\/index.php\/wp-json\/wp\/v2\/media?parent=3991"}],"wp:term":[{"taxonomy":"category","embeddable":true,"href":"https:\/\/vasterortskyrkan.se\/index.php\/wp-json\/wp\/v2\/categories?post=3991"},{"taxonomy":"post_tag","embeddable":true,"href":"https:\/\/vasterortskyrkan.se\/index.php\/wp-json\/wp\/v2\/tags?post=3991"}],"curies":[{"name":"wp","href":"https:\/\/api.w.org\/{rel}","templated":true}]}}